{"id":38,"date":"2026-08-06T00:22:45","date_gmt":"2026-08-06T00:22:45","guid":{"rendered":"https:\/\/orbitasur.cl\/blog\/?p=38"},"modified":"2026-08-06T00:25:13","modified_gmt":"2026-08-06T00:25:13","slug":"ley-de-transferencia-tecnologica-y-conocimiento","status":"publish","type":"post","link":"https:\/\/orbitasur.cl\/blog\/ley-de-transferencia-tecnologica-y-conocimiento\/","title":{"rendered":"El Proyecto de Ley de Transferencia Tecnol\u00f3gica entra en su recta final: \u00bfEst\u00e1 tu instituci\u00f3n preparada para el nuevo ecosistema?"},"content":{"rendered":"\n<p class=\"wp-block-paragraph\">El ecosistema de innovaci\u00f3n en Chile est\u00e1 ad portas de un cambio hist\u00f3rico. El Proyecto de Ley de Transferencia Tecnol\u00f3gica y conocimiento avanza con fuerza. Es fundamental destacar que el pasado 22 de julio el pleno del tribunal tom\u00f3 una decisi\u00f3n respecto del fondo del proyecto de ley de Transferencia Tecnol\u00f3gica; actualmente se est\u00e1 a la espera de la redacci\u00f3n y publicaci\u00f3n de la sentencia formal, lo que podr\u00eda ocurrir en las pr\u00f3ximas 2 a 3 semanas.<\/p>\n\n\n\n<p class=\"wp-block-paragraph\">Este proyecto de Ley de Transferencia Tecnol\u00f3gica tiene como objetivo principal establecer un marco regulatorio para que el valor generado por la investigaci\u00f3n, la ciencia y la tecnolog\u00eda cuente con la capacidad suficiente para ser transferido a la sociedad civil y la industria.<\/p>\n\n\n\n<p class=\"wp-block-paragraph\">Para las instituciones de educaci\u00f3n superior (IES) y las Oficinas de Transferencia y Licenciamiento (OTLs), esto significa un cambio radical en las reglas del juego. A continuaci\u00f3n, desglosamos los pilares m\u00e1s importantes de esta nueva normativa.<\/p>\n\n\n\n<h2 class=\"wp-block-heading\">1. Luz verde a la participaci\u00f3n en Empresas de Base Cient\u00edfico-Tecnol\u00f3gica (EBCT)<\/h2>\n\n\n\n<p class=\"wp-block-paragraph\">Uno de los mayores frenos para la innovaci\u00f3n p\u00fablica ha sido el conflicto de inter\u00e9s. La nueva ley cambia este panorama:<\/p>\n\n\n\n<ul class=\"wp-block-list\">\n<li>Las y los acad\u00e9micos podr\u00e1n ser autorizados a participar de las empresas de base cient\u00edfico-tecnol\u00f3gica.<\/li>\n\n\n\n<li>En el caso de las IES p\u00fablicas, los acad\u00e9micos e investigadores requerir\u00e1n una autorizaci\u00f3n expl\u00edcita de su instituci\u00f3n.<\/li>\n\n\n\n<li>Las instituciones deber\u00e1n emitir una resoluci\u00f3n fundada que regule las condiciones y procedimientos para esta autorizaci\u00f3n. <\/li>\n\n\n\n<li>Se exigir\u00e1 un reglamento interno que asegure un adecuado balance entre la docencia, la investigaci\u00f3n y la transferencia tecnol\u00f3gica, adem\u00e1s de regular la declaraci\u00f3n de conflictos de inter\u00e9s y el uso de recursos p\u00fablicos.<\/li>\n<\/ul>\n\n\n\n<h2 class=\"wp-block-heading\">2. Inversi\u00f3n y contratos directos entre las IES y las EBCT<\/h2>\n\n\n\n<p class=\"wp-block-paragraph\">El proyecto empodera a las universidades para ser socias activas en la comercializaci\u00f3n de la ciencia:<\/p>\n\n\n\n<ul class=\"wp-block-list\">\n<li>Se permitir\u00e1 a las instituciones de educaci\u00f3n superior crear o participar en empresas de base cient\u00edfico-tecnol\u00f3gicas que surjan a partir de los resultados de sus investigaciones.<\/li>\n\n\n\n<li>Al momento de constituir estas empresas, las IES deber\u00e1n determinar en el acto de constituci\u00f3n el porcentaje de los derechos de propiedad industrial, intelectual y secretos empresariales, as\u00ed como la distribuci\u00f3n de los dividendos y regal\u00edas.<\/li>\n\n\n\n<li>Las IES podr\u00e1n suscribir contratos o convenios de cooperaci\u00f3n con estas EBCTs para transferirles tecnolog\u00eda o acceder a productos y servicios.<\/li>\n\n\n\n<li>Estos contratos deber\u00e1n ser aprobados por resoluci\u00f3n fundada, puestos en conocimiento de la Superintendencia de Educaci\u00f3n Superior y tomados de raz\u00f3n por la Contralor\u00eda General de la Rep\u00fablica.<\/li>\n<\/ul>\n\n\n\n<h2 class=\"wp-block-heading\">3. Repositorio Nacional y la regla del &#8220;\u00dasalo o comp\u00e1rtelo&#8221;<\/h2>\n\n\n\n<p class=\"wp-block-paragraph\">La ley busca democratizar el acceso a la ciencia financiada por el Estado:<\/p>\n\n\n\n<ul class=\"wp-block-list\">\n<li>Se crea un Repositorio Nacional de Conocimiento e Informaci\u00f3n Cient\u00edfica y Tecnol\u00f3gica, de car\u00e1cter electr\u00f3nico, acceso p\u00fablico y gratuito, el cual estar\u00e1 a cargo de la Agencia Nacional de Investigaci\u00f3n y Desarrollo (ANID).<\/li>\n\n\n\n<li>Toda persona que realice investigaci\u00f3n con fondos p\u00fablicos, de forma total o parcial, deber\u00e1 dejar una copia de la versi\u00f3n final del estudio en este repositorio.<\/li>\n\n\n\n<li>Si alguien genera un producto, innovaci\u00f3n o dise\u00f1o con financiamiento p\u00fablico que sea susceptible de protecci\u00f3n de propiedad industrial o intelectual, deber\u00e1 manifestar su intenci\u00f3n de protecci\u00f3n a la ANID.<\/li>\n\n\n\n<li>En caso de no manifestar esta intenci\u00f3n, la invenci\u00f3n pasar\u00e1 a ser de dominio p\u00fablico a trav\u00e9s del Repositorio.<\/li>\n<\/ul>\n\n\n\n<h2 class=\"wp-block-heading\">La ley habilita, \u00d3rbita Sur ejecuta: Preparando a tu instituci\u00f3n<\/h2>\n\n\n\n<p class=\"wp-block-paragraph\">Con la inminente publicaci\u00f3n de la sentencia en las pr\u00f3ximas semanas, las universidades y centros de investigaci\u00f3n deben estructurar r\u00e1pidamente sus normativas internas y capacidades operativas. La burocracia ya no ser\u00e1 una excusa para no transferir, pero gestionar esta nueva avalancha de spin-offs, contratos y patentes requerir\u00e1 un soporte robusto.<\/p>\n\n\n\n<p class=\"wp-block-paragraph\">En <strong>\u00d3rbita Sur<\/strong>, transformamos el conocimiento en valor estrat\u00e9gico e impacto real<sup><\/sup>. Estamos listos para ayudar a tu instituci\u00f3n a liderar bajo este nuevo marco normativo a trav\u00e9s de nuestros servicios especializados:<\/p>\n\n\n\n<ul class=\"wp-block-list\">\n<li><strong>Estrategia y Valorizaci\u00f3n:<\/strong> Desarrollamos estrategias de valorizaci\u00f3n, propiedad intelectual y transferencia tecnol\u00f3gica para OTLs.<\/li>\n\n\n\n<li><strong>Gesti\u00f3n de Contratos de Transferencia Tecnol\u00f3gica:<\/strong> Te ayudamos en la gesti\u00f3n integral de contratos de transferencia tecnol\u00f3gica, asegurando que los acuerdos de licenciamiento, regal\u00edas y participaci\u00f3n con las nuevas EBCTs sean rentables y est\u00e9n perfectamente alineados con las normativas internas y la nueva ley.<\/li>\n\n\n\n<li><strong>Gesti\u00f3n Digital:<\/strong> La exigencia de reportar a la ANID, la Superintendencia y Contralor\u00eda requerir\u00e1 orden absoluto. Ofrecemos dise\u00f1o UX\/UI y desarrollo de aplicaciones personalizadas para la gesti\u00f3n integral de I+D y OTLs, adem\u00e1s de la integraci\u00f3n de sistemas y plataformas de gesti\u00f3n de portafolio tecnol\u00f3gico.<\/li>\n\n\n\n<li><strong>Project Management:<\/strong> Asumimos la direcci\u00f3n estrat\u00e9gica y Project Management para proyectos tecnol\u00f3gicos complejos, guiando a tus investigadores en esta nueva etapa.<\/li>\n<\/ul>\n\n\n\n<p class=\"wp-block-paragraph\">\u00bfEst\u00e1 lista tu instituci\u00f3n para el verdadero salto tecnol\u00f3gico? Cont\u00e1ctanos en <strong>contacto@orbitasur.cl<\/strong> o visita <strong>www.orbitasur.cl<\/strong> para estructurar el crecimiento institucional de tu centro<sup><\/sup>.<\/p>\n\n\n\n<p class=\"wp-block-paragraph\"><\/p>\n","protected":false},"excerpt":{"rendered":"<p>El ecosistema de innovaci\u00f3n en Chile est\u00e1 ad portas de un cambio hist\u00f3rico. El Proyecto de Ley de Transferencia Tecnol\u00f3gica y conocimiento avanza con fuerza. Es\u2026<\/p>\n","protected":false},"author":2,"featured_media":39,"comment_status":"open","ping_status":"open","sticky":false,"template":"","format":"standard","meta":{"footnotes":"","jetpack_publicize_message":"El ecosistema de innovaci\u00f3n en Chile est\u00e1 ad portas de un cambio hist\u00f3rico. El Proyecto de Ley de Transferencia Tecnol\u00f3gica y conocimiento avanza con fuerza. Es fundamental destacar que el pasado 22 de julio el pleno del tribunal tom\u00f3 una decisi\u00f3n respecto del fondo del proyecto de ley de Transferencia Tecnol\u00f3gica; actualmente se est\u00e1 a la espera de la redacci\u00f3n y publicaci\u00f3n de la sentencia formal, lo que podr\u00eda ocurrir en las pr\u00f3ximas 2 a 3 semanas.\n\nEste proyecto de Ley de Transferencia Tecnol\u00f3gica tiene como objetivo principal establecer un marco regulatorio para que el valor generado por la investigaci\u00f3n, la ciencia y la tecnolog\u00eda cuente con la capacidad suficiente para ser transferido a la sociedad civil y la industria.\n\nPara las instituciones de educaci\u00f3n superior (IES) y las Oficinas de Transferencia y Licenciamiento (OTLs), esto significa un cambio radical en las reglas del juego\n\n\u00bfEst\u00e1 lista tu instituci\u00f3n para el verdadero salto tecnol\u00f3gico?\n\nLee nuestro Blog y ent\u00e9rate como \u00d3rbita Sur puede acompa\u00f1arte en este proceso.\n\nTrabajamos cerca, pensamos en \u00d3rbita\nSomos \u00d3rbita Sur","jetpack_publicize_feature_enabled":true,"jetpack_social_post_already_shared":false,"jetpack_social_options":{"image_generator_settings":{"template":"highway","default_image_id":0,"font":"","enabled":false},"version":2}},"categories":[1],"tags":[],"class_list":["post-38","post","type-post","status-publish","format-standard","has-post-thumbnail","hentry","category-uncategorized"],"yoast_head":"<!-- This site is optimized with the Yoast SEO plugin v28.4 - https:\/\/yoast.com\/product\/yoast-seo-wordpress\/ -->\n<title>Blog \u00d3rbita Sur - Ley de Transferencia Tecnol\u00f3gica<\/title>\n<meta name=\"description\" content=\"El ecosistema de innovaci\u00f3n en Chile est\u00e1 ad portas de un cambio hist\u00f3rico. El Proyecto de Ley de Transferencia Tecnol\u00f3gica y conocimiento avanza con fuerza\" \/>\n<meta name=\"robots\" content=\"index, follow, max-snippet:-1, max-image-preview:large, max-video-preview:-1\" \/>\n<link rel=\"canonical\" href=\"https:\/\/orbitasur.cl\/blog\/ley-de-transferencia-tecnologica-y-conocimiento\/\" \/>\n<meta property=\"og:locale\" content=\"es_ES\" \/>\n<meta property=\"og:type\" content=\"article\" \/>\n<meta property=\"og:title\" content=\"Blog \u00d3rbita Sur - Ley de Transferencia Tecnol\u00f3gica\" \/>\n<meta property=\"og:description\" content=\"El ecosistema de innovaci\u00f3n en Chile est\u00e1 ad portas de un cambio hist\u00f3rico. El Proyecto de Ley de Transferencia Tecnol\u00f3gica y conocimiento avanza con fuerza\" \/>\n<meta property=\"og:url\" content=\"https:\/\/orbitasur.cl\/blog\/ley-de-transferencia-tecnologica-y-conocimiento\/\" \/>\n<meta property=\"og:site_name\" content=\"Blog \u00d3rbita Sur\" \/>\n<meta property=\"article:published_time\" content=\"2026-08-06T00:22:45+00:00\" \/>\n<meta property=\"article:modified_time\" content=\"2026-08-06T00:25:13+00:00\" \/>\n<meta property=\"og:image\" content=\"https:\/\/orbitasur.cl\/blog\/wp-content\/uploads\/2026\/08\/Gemini_Generated_Image_x7gyssx7gyssx7gy-1024x559.png\" \/>\n\t<meta property=\"og:image:width\" content=\"1024\" \/>\n\t<meta property=\"og:image:height\" content=\"559\" \/>\n\t<meta property=\"og:image:type\" content=\"image\/png\" \/>\n<meta name=\"author\" content=\"Xaviera Hernandez\" \/>\n<meta name=\"twitter:card\" content=\"summary_large_image\" \/>\n<meta name=\"twitter:label1\" content=\"Escrito por\" \/>\n\t<meta name=\"twitter:data1\" content=\"Xaviera Hernandez\" \/>\n\t<meta name=\"twitter:label2\" content=\"Tiempo estimado de lectura\" \/>\n\t<meta name=\"twitter:data2\" content=\"4 minutos\" \/>\n<script type=\"application\/ld+json\" class=\"yoast-schema-graph\">{\"@context\":\"https:\\\/\\\/schema.org\",\"@graph\":[{\"@type\":\"Article\",\"@id\":\"https:\\\/\\\/orbitasur.cl\\\/blog\\\/ley-de-transferencia-tecnologica-y-conocimiento\\\/#article\",\"isPartOf\":{\"@id\":\"https:\\\/\\\/orbitasur.cl\\\/blog\\\/ley-de-transferencia-tecnologica-y-conocimiento\\\/\"},\"author\":{\"name\":\"Xaviera Hernandez\",\"@id\":\"https:\\\/\\\/orbitasur.cl\\\/blog\\\/#\\\/schema\\\/person\\\/818890dc23dd9e6c1dde420d65cfb666\"},\"headline\":\"El Proyecto de Ley de Transferencia Tecnol\u00f3gica entra en su recta final: \u00bfEst\u00e1 tu instituci\u00f3n preparada para el nuevo ecosistema?\",\"datePublished\":\"2026-08-06T00:22:45+00:00\",\"dateModified\":\"2026-08-06T00:25:13+00:00\",\"mainEntityOfPage\":{\"@id\":\"https:\\\/\\\/orbitasur.cl\\\/blog\\\/ley-de-transferencia-tecnologica-y-conocimiento\\\/\"},\"wordCount\":913,\"commentCount\":0,\"publisher\":{\"@id\":\"https:\\\/\\\/orbitasur.cl\\\/blog\\\/#organization\"},\"image\":{\"@id\":\"https:\\\/\\\/orbitasur.cl\\\/blog\\\/ley-de-transferencia-tecnologica-y-conocimiento\\\/#primaryimage\"},\"thumbnailUrl\":\"https:\\\/\\\/orbitasur.cl\\\/blog\\\/wp-content\\\/uploads\\\/2026\\\/08\\\/Gemini_Generated_Image_x7gyssx7gyssx7gy.png\",\"articleSection\":[\"Uncategorized\"],\"inLanguage\":\"es-CL\",\"potentialAction\":[{\"@type\":\"CommentAction\",\"name\":\"Comment\",\"target\":[\"https:\\\/\\\/orbitasur.cl\\\/blog\\\/ley-de-transferencia-tecnologica-y-conocimiento\\\/#respond\"]}]},{\"@type\":\"WebPage\",\"@id\":\"https:\\\/\\\/orbitasur.cl\\\/blog\\\/ley-de-transferencia-tecnologica-y-conocimiento\\\/\",\"url\":\"https:\\\/\\\/orbitasur.cl\\\/blog\\\/ley-de-transferencia-tecnologica-y-conocimiento\\\/\",\"name\":\"Blog \u00d3rbita Sur - Ley de Transferencia Tecnol\u00f3gica\",\"isPartOf\":{\"@id\":\"https:\\\/\\\/orbitasur.cl\\\/blog\\\/#website\"},\"primaryImageOfPage\":{\"@id\":\"https:\\\/\\\/orbitasur.cl\\\/blog\\\/ley-de-transferencia-tecnologica-y-conocimiento\\\/#primaryimage\"},\"image\":{\"@id\":\"https:\\\/\\\/orbitasur.cl\\\/blog\\\/ley-de-transferencia-tecnologica-y-conocimiento\\\/#primaryimage\"},\"thumbnailUrl\":\"https:\\\/\\\/orbitasur.cl\\\/blog\\\/wp-content\\\/uploads\\\/2026\\\/08\\\/Gemini_Generated_Image_x7gyssx7gyssx7gy.png\",\"datePublished\":\"2026-08-06T00:22:45+00:00\",\"dateModified\":\"2026-08-06T00:25:13+00:00\",\"description\":\"El ecosistema de innovaci\u00f3n en Chile est\u00e1 ad portas de un cambio hist\u00f3rico. El Proyecto de Ley de Transferencia Tecnol\u00f3gica y conocimiento avanza con fuerza\",\"breadcrumb\":{\"@id\":\"https:\\\/\\\/orbitasur.cl\\\/blog\\\/ley-de-transferencia-tecnologica-y-conocimiento\\\/#breadcrumb\"},\"inLanguage\":\"es-CL\",\"potentialAction\":[{\"@type\":\"ReadAction\",\"target\":[\"https:\\\/\\\/orbitasur.cl\\\/blog\\\/ley-de-transferencia-tecnologica-y-conocimiento\\\/\"]}]},{\"@type\":\"ImageObject\",\"inLanguage\":\"es-CL\",\"@id\":\"https:\\\/\\\/orbitasur.cl\\\/blog\\\/ley-de-transferencia-tecnologica-y-conocimiento\\\/#primaryimage\",\"url\":\"https:\\\/\\\/orbitasur.cl\\\/blog\\\/wp-content\\\/uploads\\\/2026\\\/08\\\/Gemini_Generated_Image_x7gyssx7gyssx7gy.png\",\"contentUrl\":\"https:\\\/\\\/orbitasur.cl\\\/blog\\\/wp-content\\\/uploads\\\/2026\\\/08\\\/Gemini_Generated_Image_x7gyssx7gyssx7gy.png\",\"width\":1408,\"height\":768,\"caption\":\"Ley de Transferencia Tecnol\u00f3gica\"},{\"@type\":\"BreadcrumbList\",\"@id\":\"https:\\\/\\\/orbitasur.cl\\\/blog\\\/ley-de-transferencia-tecnologica-y-conocimiento\\\/#breadcrumb\",\"itemListElement\":[{\"@type\":\"ListItem\",\"position\":1,\"name\":\"Portada\",\"item\":\"https:\\\/\\\/orbitasur.cl\\\/blog\\\/\"},{\"@type\":\"ListItem\",\"position\":2,\"name\":\"El Proyecto de Ley de Transferencia Tecnol\u00f3gica entra en su recta final: \u00bfEst\u00e1 tu instituci\u00f3n preparada para el nuevo ecosistema?\"}]},{\"@type\":\"WebSite\",\"@id\":\"https:\\\/\\\/orbitasur.cl\\\/blog\\\/#website\",\"url\":\"https:\\\/\\\/orbitasur.cl\\\/blog\\\/\",\"name\":\"Blog \u00d3rbita Sur\",\"description\":\"Innovaci\u00f3n, I+D y gesti\u00f3n tecnol\u00f3gica desde el sur de Chile\",\"publisher\":{\"@id\":\"https:\\\/\\\/orbitasur.cl\\\/blog\\\/#organization\"},\"potentialAction\":[{\"@type\":\"SearchAction\",\"target\":{\"@type\":\"EntryPoint\",\"urlTemplate\":\"https:\\\/\\\/orbitasur.cl\\\/blog\\\/?s={search_term_string}\"},\"query-input\":{\"@type\":\"PropertyValueSpecification\",\"valueRequired\":true,\"valueName\":\"search_term_string\"}}],\"inLanguage\":\"es-CL\"},{\"@type\":\"Organization\",\"@id\":\"https:\\\/\\\/orbitasur.cl\\\/blog\\\/#organization\",\"name\":\"Blog \u00d3rbita Sur\",\"url\":\"https:\\\/\\\/orbitasur.cl\\\/blog\\\/\",\"logo\":{\"@type\":\"ImageObject\",\"inLanguage\":\"es-CL\",\"@id\":\"https:\\\/\\\/orbitasur.cl\\\/blog\\\/#\\\/schema\\\/logo\\\/image\\\/\",\"url\":\"https:\\\/\\\/orbitasur.cl\\\/blog\\\/wp-content\\\/uploads\\\/2026\\\/07\\\/apple-touch-icon.png\",\"contentUrl\":\"https:\\\/\\\/orbitasur.cl\\\/blog\\\/wp-content\\\/uploads\\\/2026\\\/07\\\/apple-touch-icon.png\",\"width\":180,\"height\":180,\"caption\":\"Blog \u00d3rbita Sur\"},\"image\":{\"@id\":\"https:\\\/\\\/orbitasur.cl\\\/blog\\\/#\\\/schema\\\/logo\\\/image\\\/\"},\"sameAs\":[\"https:\\\/\\\/www.linkedin.com\\\/company\\\/rbita-sur-spa\\\/\"]},{\"@type\":\"Person\",\"@id\":\"https:\\\/\\\/orbitasur.cl\\\/blog\\\/#\\\/schema\\\/person\\\/818890dc23dd9e6c1dde420d65cfb666\",\"name\":\"Xaviera Hernandez\",\"image\":{\"@type\":\"ImageObject\",\"inLanguage\":\"es-CL\",\"@id\":\"https:\\\/\\\/secure.gravatar.com\\\/avatar\\\/349e5fd0de7daa1876309a4a3ab4b75cf8567019e6f48a09bdb84b7a9a843729?s=96&d=mm&r=g\",\"url\":\"https:\\\/\\\/secure.gravatar.com\\\/avatar\\\/349e5fd0de7daa1876309a4a3ab4b75cf8567019e6f48a09bdb84b7a9a843729?s=96&d=mm&r=g\",\"contentUrl\":\"https:\\\/\\\/secure.gravatar.com\\\/avatar\\\/349e5fd0de7daa1876309a4a3ab4b75cf8567019e6f48a09bdb84b7a9a843729?s=96&d=mm&r=g\",\"caption\":\"Xaviera Hernandez\"}}]}<\/script>\n<!-- \/ Yoast SEO plugin. -->","yoast_head_json":{"title":"Blog \u00d3rbita Sur - Ley de Transferencia Tecnol\u00f3gica","description":"El ecosistema de innovaci\u00f3n en Chile est\u00e1 ad portas de un cambio hist\u00f3rico. El Proyecto de Ley de Transferencia Tecnol\u00f3gica y conocimiento avanza con fuerza","robots":{"index":"index","follow":"follow","max-snippet":"max-snippet:-1","max-image-preview":"max-image-preview:large","max-video-preview":"max-video-preview:-1"},"canonical":"https:\/\/orbitasur.cl\/blog\/ley-de-transferencia-tecnologica-y-conocimiento\/","og_locale":"es_ES","og_type":"article","og_title":"Blog \u00d3rbita Sur - Ley de Transferencia Tecnol\u00f3gica","og_description":"El ecosistema de innovaci\u00f3n en Chile est\u00e1 ad portas de un cambio hist\u00f3rico. El Proyecto de Ley de Transferencia Tecnol\u00f3gica y conocimiento avanza con fuerza","og_url":"https:\/\/orbitasur.cl\/blog\/ley-de-transferencia-tecnologica-y-conocimiento\/","og_site_name":"Blog \u00d3rbita Sur","article_published_time":"2026-08-06T00:22:45+00:00","article_modified_time":"2026-08-06T00:25:13+00:00","og_image":[{"width":1024,"height":559,"url":"https:\/\/orbitasur.cl\/blog\/wp-content\/uploads\/2026\/08\/Gemini_Generated_Image_x7gyssx7gyssx7gy-1024x559.png","type":"image\/png"}],"author":"Xaviera Hernandez","twitter_card":"summary_large_image","twitter_misc":{"Escrito por":"Xaviera Hernandez","Tiempo estimado de lectura":"4 minutos"},"schema":{"@context":"https:\/\/schema.org","@graph":[{"@type":"Article","@id":"https:\/\/orbitasur.cl\/blog\/ley-de-transferencia-tecnologica-y-conocimiento\/#article","isPartOf":{"@id":"https:\/\/orbitasur.cl\/blog\/ley-de-transferencia-tecnologica-y-conocimiento\/"},"author":{"name":"Xaviera Hernandez","@id":"https:\/\/orbitasur.cl\/blog\/#\/schema\/person\/818890dc23dd9e6c1dde420d65cfb666"},"headline":"El Proyecto de Ley de Transferencia Tecnol\u00f3gica entra en su recta final: \u00bfEst\u00e1 tu instituci\u00f3n preparada para el nuevo ecosistema?","datePublished":"2026-08-06T00:22:45+00:00","dateModified":"2026-08-06T00:25:13+00:00","mainEntityOfPage":{"@id":"https:\/\/orbitasur.cl\/blog\/ley-de-transferencia-tecnologica-y-conocimiento\/"},"wordCount":913,"commentCount":0,"publisher":{"@id":"https:\/\/orbitasur.cl\/blog\/#organization"},"image":{"@id":"https:\/\/orbitasur.cl\/blog\/ley-de-transferencia-tecnologica-y-conocimiento\/#primaryimage"},"thumbnailUrl":"https:\/\/orbitasur.cl\/blog\/wp-content\/uploads\/2026\/08\/Gemini_Generated_Image_x7gyssx7gyssx7gy.png","articleSection":["Uncategorized"],"inLanguage":"es-CL","potentialAction":[{"@type":"CommentAction","name":"Comment","target":["https:\/\/orbitasur.cl\/blog\/ley-de-transferencia-tecnologica-y-conocimiento\/#respond"]}]},{"@type":"WebPage","@id":"https:\/\/orbitasur.cl\/blog\/ley-de-transferencia-tecnologica-y-conocimiento\/","url":"https:\/\/orbitasur.cl\/blog\/ley-de-transferencia-tecnologica-y-conocimiento\/","name":"Blog \u00d3rbita Sur - Ley de Transferencia Tecnol\u00f3gica","isPartOf":{"@id":"https:\/\/orbitasur.cl\/blog\/#website"},"primaryImageOfPage":{"@id":"https:\/\/orbitasur.cl\/blog\/ley-de-transferencia-tecnologica-y-conocimiento\/#primaryimage"},"image":{"@id":"https:\/\/orbitasur.cl\/blog\/ley-de-transferencia-tecnologica-y-conocimiento\/#primaryimage"},"thumbnailUrl":"https:\/\/orbitasur.cl\/blog\/wp-content\/uploads\/2026\/08\/Gemini_Generated_Image_x7gyssx7gyssx7gy.png","datePublished":"2026-08-06T00:22:45+00:00","dateModified":"2026-08-06T00:25:13+00:00","description":"El ecosistema de innovaci\u00f3n en Chile est\u00e1 ad portas de un cambio hist\u00f3rico. El Proyecto de Ley de Transferencia Tecnol\u00f3gica y conocimiento avanza con fuerza","breadcrumb":{"@id":"https:\/\/orbitasur.cl\/blog\/ley-de-transferencia-tecnologica-y-conocimiento\/#breadcrumb"},"inLanguage":"es-CL","potentialAction":[{"@type":"ReadAction","target":["https:\/\/orbitasur.cl\/blog\/ley-de-transferencia-tecnologica-y-conocimiento\/"]}]},{"@type":"ImageObject","inLanguage":"es-CL","@id":"https:\/\/orbitasur.cl\/blog\/ley-de-transferencia-tecnologica-y-conocimiento\/#primaryimage","url":"https:\/\/orbitasur.cl\/blog\/wp-content\/uploads\/2026\/08\/Gemini_Generated_Image_x7gyssx7gyssx7gy.png","contentUrl":"https:\/\/orbitasur.cl\/blog\/wp-content\/uploads\/2026\/08\/Gemini_Generated_Image_x7gyssx7gyssx7gy.png","width":1408,"height":768,"caption":"Ley de Transferencia Tecnol\u00f3gica"},{"@type":"BreadcrumbList","@id":"https:\/\/orbitasur.cl\/blog\/ley-de-transferencia-tecnologica-y-conocimiento\/#breadcrumb","itemListElement":[{"@type":"ListItem","position":1,"name":"Portada","item":"https:\/\/orbitasur.cl\/blog\/"},{"@type":"ListItem","position":2,"name":"El Proyecto de Ley de Transferencia Tecnol\u00f3gica entra en su recta final: \u00bfEst\u00e1 tu instituci\u00f3n preparada para el nuevo ecosistema?"}]},{"@type":"WebSite","@id":"https:\/\/orbitasur.cl\/blog\/#website","url":"https:\/\/orbitasur.cl\/blog\/","name":"Blog \u00d3rbita Sur","description":"Innovaci\u00f3n, I+D y gesti\u00f3n tecnol\u00f3gica desde el sur de Chile","publisher":{"@id":"https:\/\/orbitasur.cl\/blog\/#organization"},"potentialAction":[{"@type":"SearchAction","target":{"@type":"EntryPoint","urlTemplate":"https:\/\/orbitasur.cl\/blog\/?s={search_term_string}"},"query-input":{"@type":"PropertyValueSpecification","valueRequired":true,"valueName":"search_term_string"}}],"inLanguage":"es-CL"},{"@type":"Organization","@id":"https:\/\/orbitasur.cl\/blog\/#organization","name":"Blog \u00d3rbita Sur","url":"https:\/\/orbitasur.cl\/blog\/","logo":{"@type":"ImageObject","inLanguage":"es-CL","@id":"https:\/\/orbitasur.cl\/blog\/#\/schema\/logo\/image\/","url":"https:\/\/orbitasur.cl\/blog\/wp-content\/uploads\/2026\/07\/apple-touch-icon.png","contentUrl":"https:\/\/orbitasur.cl\/blog\/wp-content\/uploads\/2026\/07\/apple-touch-icon.png","width":180,"height":180,"caption":"Blog \u00d3rbita Sur"},"image":{"@id":"https:\/\/orbitasur.cl\/blog\/#\/schema\/logo\/image\/"},"sameAs":["https:\/\/www.linkedin.com\/company\/rbita-sur-spa\/"]},{"@type":"Person","@id":"https:\/\/orbitasur.cl\/blog\/#\/schema\/person\/818890dc23dd9e6c1dde420d65cfb666","name":"Xaviera Hernandez","image":{"@type":"ImageObject","inLanguage":"es-CL","@id":"https:\/\/secure.gravatar.com\/avatar\/349e5fd0de7daa1876309a4a3ab4b75cf8567019e6f48a09bdb84b7a9a843729?s=96&d=mm&r=g","url":"https:\/\/secure.gravatar.com\/avatar\/349e5fd0de7daa1876309a4a3ab4b75cf8567019e6f48a09bdb84b7a9a843729?s=96&d=mm&r=g","contentUrl":"https:\/\/secure.gravatar.com\/avatar\/349e5fd0de7daa1876309a4a3ab4b75cf8567019e6f48a09bdb84b7a9a843729?s=96&d=mm&r=g","caption":"Xaviera Hernandez"}}]}},"jetpack_publicize_connections":[],"_links":{"self":[{"href":"https:\/\/orbitasur.cl\/blog\/wp-json\/wp\/v2\/posts\/38","targetHints":{"allow":["GET"]}}],"collection":[{"href":"https:\/\/orbitasur.cl\/blog\/wp-json\/wp\/v2\/posts"}],"about":[{"href":"https:\/\/orbitasur.cl\/blog\/wp-json\/wp\/v2\/types\/post"}],"author":[{"embeddable":true,"href":"https:\/\/orbitasur.cl\/blog\/wp-json\/wp\/v2\/users\/2"}],"replies":[{"embeddable":true,"href":"https:\/\/orbitasur.cl\/blog\/wp-json\/wp\/v2\/comments?post=38"}],"version-history":[{"count":3,"href":"https:\/\/orbitasur.cl\/blog\/wp-json\/wp\/v2\/posts\/38\/revisions"}],"predecessor-version":[{"id":42,"href":"https:\/\/orbitasur.cl\/blog\/wp-json\/wp\/v2\/posts\/38\/revisions\/42"}],"wp:featuredmedia":[{"embeddable":true,"href":"https:\/\/orbitasur.cl\/blog\/wp-json\/wp\/v2\/media\/39"}],"wp:attachment":[{"href":"https:\/\/orbitasur.cl\/blog\/wp-json\/wp\/v2\/media?parent=38"}],"wp:term":[{"taxonomy":"category","embeddable":true,"href":"https:\/\/orbitasur.cl\/blog\/wp-json\/wp\/v2\/categories?post=38"},{"taxonomy":"post_tag","embeddable":true,"href":"https:\/\/orbitasur.cl\/blog\/wp-json\/wp\/v2\/tags?post=38"}],"curies":[{"name":"wp","href":"https:\/\/api.w.org\/{rel}","templated":true}]}}